{"id":52,"date":"2016-05-19T08:00:00","date_gmt":"2016-05-19T13:00:00","guid":{"rendered":"https:\/\/projetopurus.com.br\/?p=52"},"modified":"2021-07-02T19:29:25","modified_gmt":"2021-07-03T00:29:25","slug":"precos-do-carbono-na-europa-avancam","status":"publish","type":"post","link":"https:\/\/projetopurus.com.br\/en\/2016\/05\/19\/precos-do-carbono-na-europa-avancam\/","title":{"rendered":"Carbon prices in Europe advance"},"content":{"rendered":"<p>O maior mercado de carbono ao redor do globo, o esquema europeu de com\u00e9rcio de emiss\u00f5es, continua a escalada em compara\u00e7\u00e3o ao seu ponto baixo em julho dentre um panorama econ\u00f4mico gradualmente mais positivo.<\/p>\n\n\n\n<p>Mas mesmo com as permiss\u00f5es de emiss\u00e3o (EUAs) se aproximando da marca de \u20ac 16, os pre\u00e7os ainda est\u00e3o bem abaixo dos n\u00edveis necess\u00e1rios para impulsionar investimentos de baixo carbono significativos.<\/p>\n\n\n\n<p>Os valores e volumes negociados tamb\u00e9m continuam baixos em outros esquemas compuls\u00f3rios como nos Estados Unidos e na Nova Zel\u00e2ndia.<\/p>\n\n\n\n<p>Na segunda-feira, o contrato padr\u00e3o para entrega em dezembro de 2010 referentes \u00e0s EUAs fechou em \u20ac 15,72 na Bolsa Europ\u00e9ia do Clima e para as Redu\u00e7\u00f5es Certificadas de Emiss\u00e3o (RCEs) os pre\u00e7os ficaram em \u20ac 13,97. Isto deixa o spread em \u20ac 1,75, dando continuidade a tend\u00eancia de redu\u00e7\u00e3o da diferen\u00e7a nos pre\u00e7os dos dois contratos no m\u00eas de agosto.<\/p>\n\n\n\n<p>Sob o mercado europeu, as EUAs e RCEs s\u00e3o equivalentes, ambas eleg\u00edveis para o cumprimento do esquema. Por\u00e9m as RCEs sempre foram negociadas com um desconto no mercado futuro, refletindo os riscos de n\u00e3o entrega das redu\u00e7\u00f5es por parte dos projetos em pa\u00edses em desenvolvimento.<\/p>\n\n\n\n<p>Ao longo do ultimo m\u00eas os pre\u00e7os das RCEs tem apresentado um crescimento maior devido \u00e0s d\u00favidas relacionadas a redu\u00e7\u00e3o da oferta com a revis\u00e3o por parte do Comit\u00ea Executivo do Mecanismo de Desenvolvimento Limpo dos projetos envolvendo o g\u00e1s HFC-23.<\/p>\n\n\n\n<p>No mercado norte-americano da Iniciativa Regional de Gases do Efeito Estufa (RGGI) os pre\u00e7os t\u00eam girando levemente acima do valor m\u00ednimo estabelecido pelo esquema, com pouca movimenta\u00e7\u00e3o. Em um mercado afetado pela oferta em excesso, os pre\u00e7os para dezembro de 2010, tanto para os contratos 2009 como para os 2010, est\u00e3o sendo negociados em US$ 1,93 na Bolsa de Futuros Clim\u00e1ticos de Chicago, apenas sete centavos acima do piso.<\/p>\n\n\n\n<p>As transa\u00e7\u00f5es futuras e \u00e0 vista tamb\u00e9m s\u00e3o poucas no esquema da Nova Zel\u00e2ndia. As negocia\u00e7\u00f5es \u00e0 vista s\u00e3o esparsas na faixa de $N 18,60 a $N 18,75 (aproximadamente \u20ac 10,50 ou US$ 13,50). A EITG relata vendas futuras para 2011 na marca de $N19,50. A OMFinancial comentou que os vendedores est\u00e3o esperando por pre\u00e7os mais altos e os compradores est\u00e3o sem pressa, esperando pelo maior volume na oferta que deve entrar no mercado no final de outubro.<\/p>\n\n\n\n<p>Texto original em ingl\u00eas traduzido por Fernanda B. Muller, CarbonoBrasil &#8211;&nbsp;<strong>Fonte: <\/strong>Carbon Positive<\/p>","protected":false},"excerpt":{"rendered":"<p>The biggest carbon market around the globe, the European emissions trading scheme, continues to climb from its low point in July amid a gradually brighter economic outlook. But even with emission allowances (US) approaching the \u20ac16 mark, prices are still well below\u2026<\/p>\n<p class=\"read-more\"> <a class=\"\" href=\"https:\/\/projetopurus.com.br\/en\/2016\/05\/19\/precos-do-carbono-na-europa-avancam\/\"> <span class=\"screen-reader-text\">Carbon prices in Europe advance<\/span> Read More &raquo;<\/a><\/p>","protected":false},"author":1,"featured_media":30,"comment_status":"open","ping_status":"open","sticky":false,"template":"","format":"standard","meta":{"site-sidebar-layout":"default","site-content-layout":"default","ast-global-header-display":"","ast-main-header-display":"","ast-hfb-above-header-display":"","ast-hfb-below-header-display":"","ast-hfb-mobile-header-display":"","site-post-title":"","ast-breadcrumbs-content":"","ast-featured-img":"","footer-sml-layout":"","theme-transparent-header-meta":"default","adv-header-id-meta":"","stick-header-meta":"","header-above-stick-meta":"","header-main-stick-meta":"","header-below-stick-meta":"","footnotes":""},"categories":[1],"tags":[],"class_list":["post-52","post","type-post","status-publish","format-standard","has-post-thumbnail","hentry","category-noticias"],"yoast_head":"<!-- This site is optimized with the Yoast SEO plugin v27.5 - https:\/\/yoast.com\/product\/yoast-seo-wordpress\/ -->\n<title>Pre\u00e7os do carbono na Europa avan\u00e7am - Projeto Purus<\/title>\n<meta name=\"robots\" content=\"index, follow, max-snippet:-1, max-image-preview:large, max-video-preview:-1\" \/>\n<link rel=\"canonical\" href=\"https:\/\/projetopurus.com.br\/en\/2016\/05\/19\/precos-do-carbono-na-europa-avancam\/\" \/>\n<meta property=\"og:locale\" content=\"en_US\" \/>\n<meta property=\"og:type\" content=\"article\" \/>\n<meta property=\"og:title\" content=\"Pre\u00e7os do carbono na Europa avan\u00e7am - Projeto Purus\" \/>\n<meta property=\"og:description\" content=\"O maior mercado de carbono ao redor do globo, o esquema europeu de com\u00e9rcio de emiss\u00f5es, continua a escalada em compara\u00e7\u00e3o ao seu ponto baixo em julho dentre um panorama econ\u00f4mico gradualmente mais positivo. Mas mesmo com as permiss\u00f5es de emiss\u00e3o (EUAs) se aproximando da marca de \u20ac 16, os pre\u00e7os ainda est\u00e3o bem abaixo &hellip; Pre\u00e7os do carbono na Europa avan\u00e7am Read More &raquo;\" \/>\n<meta property=\"og:url\" content=\"https:\/\/projetopurus.com.br\/en\/2016\/05\/19\/precos-do-carbono-na-europa-avancam\/\" \/>\n<meta property=\"og:site_name\" content=\"Projeto Purus\" \/>\n<meta property=\"article:published_time\" content=\"2016-05-19T13:00:00+00:00\" \/>\n<meta property=\"article:modified_time\" content=\"2021-07-03T00:29:25+00:00\" \/>\n<meta property=\"og:image\" content=\"https:\/\/projetopurus.com.br\/wp-content\/uploads\/2021\/04\/co2.png\" \/>\n\t<meta property=\"og:image:width\" content=\"800\" \/>\n\t<meta property=\"og:image:height\" content=\"600\" \/>\n\t<meta property=\"og:image:type\" content=\"image\/png\" \/>\n<meta name=\"author\" content=\"robisonweb\" \/>\n<meta name=\"twitter:card\" content=\"summary_large_image\" \/>\n<meta name=\"twitter:label1\" content=\"Written by\" \/>\n\t<meta name=\"twitter:data1\" content=\"robisonweb\" \/>\n\t<meta name=\"twitter:label2\" content=\"Est. reading time\" \/>\n\t<meta name=\"twitter:data2\" content=\"2 minutes\" \/>\n<script type=\"application\/ld+json\" class=\"yoast-schema-graph\">{\"@context\":\"https:\\\/\\\/schema.org\",\"@graph\":[{\"@type\":\"Article\",\"@id\":\"https:\\\/\\\/projetopurus.com.br\\\/2016\\\/05\\\/19\\\/precos-do-carbono-na-europa-avancam\\\/#article\",\"isPartOf\":{\"@id\":\"https:\\\/\\\/projetopurus.com.br\\\/2016\\\/05\\\/19\\\/precos-do-carbono-na-europa-avancam\\\/\"},\"author\":{\"name\":\"robisonweb\",\"@id\":\"https:\\\/\\\/projetopurus.com.br\\\/#\\\/schema\\\/person\\\/09d3dd8caaa3c1a8e947935bcb04c9e8\"},\"headline\":\"Pre\u00e7os do carbono na Europa avan\u00e7am\",\"datePublished\":\"2016-05-19T13:00:00+00:00\",\"dateModified\":\"2021-07-03T00:29:25+00:00\",\"mainEntityOfPage\":{\"@id\":\"https:\\\/\\\/projetopurus.com.br\\\/2016\\\/05\\\/19\\\/precos-do-carbono-na-europa-avancam\\\/\"},\"wordCount\":433,\"commentCount\":0,\"publisher\":{\"@id\":\"https:\\\/\\\/projetopurus.com.br\\\/#organization\"},\"image\":{\"@id\":\"https:\\\/\\\/projetopurus.com.br\\\/2016\\\/05\\\/19\\\/precos-do-carbono-na-europa-avancam\\\/#primaryimage\"},\"thumbnailUrl\":\"https:\\\/\\\/projetopurus.com.br\\\/wp-content\\\/uploads\\\/2021\\\/04\\\/co2.png\",\"articleSection\":[\"Not\u00edcias\"],\"inLanguage\":\"en-US\",\"potentialAction\":[{\"@type\":\"CommentAction\",\"name\":\"Comment\",\"target\":[\"https:\\\/\\\/projetopurus.com.br\\\/2016\\\/05\\\/19\\\/precos-do-carbono-na-europa-avancam\\\/#respond\"]}]},{\"@type\":\"WebPage\",\"@id\":\"https:\\\/\\\/projetopurus.com.br\\\/2016\\\/05\\\/19\\\/precos-do-carbono-na-europa-avancam\\\/\",\"url\":\"https:\\\/\\\/projetopurus.com.br\\\/2016\\\/05\\\/19\\\/precos-do-carbono-na-europa-avancam\\\/\",\"name\":\"Pre\u00e7os do carbono na Europa avan\u00e7am - Projeto Purus\",\"isPartOf\":{\"@id\":\"https:\\\/\\\/projetopurus.com.br\\\/#website\"},\"primaryImageOfPage\":{\"@id\":\"https:\\\/\\\/projetopurus.com.br\\\/2016\\\/05\\\/19\\\/precos-do-carbono-na-europa-avancam\\\/#primaryimage\"},\"image\":{\"@id\":\"https:\\\/\\\/projetopurus.com.br\\\/2016\\\/05\\\/19\\\/precos-do-carbono-na-europa-avancam\\\/#primaryimage\"},\"thumbnailUrl\":\"https:\\\/\\\/projetopurus.com.br\\\/wp-content\\\/uploads\\\/2021\\\/04\\\/co2.png\",\"datePublished\":\"2016-05-19T13:00:00+00:00\",\"dateModified\":\"2021-07-03T00:29:25+00:00\",\"breadcrumb\":{\"@id\":\"https:\\\/\\\/projetopurus.com.br\\\/2016\\\/05\\\/19\\\/precos-do-carbono-na-europa-avancam\\\/#breadcrumb\"},\"inLanguage\":\"en-US\",\"potentialAction\":[{\"@type\":\"ReadAction\",\"target\":[\"https:\\\/\\\/projetopurus.com.br\\\/2016\\\/05\\\/19\\\/precos-do-carbono-na-europa-avancam\\\/\"]}]},{\"@type\":\"ImageObject\",\"inLanguage\":\"en-US\",\"@id\":\"https:\\\/\\\/projetopurus.com.br\\\/2016\\\/05\\\/19\\\/precos-do-carbono-na-europa-avancam\\\/#primaryimage\",\"url\":\"https:\\\/\\\/projetopurus.com.br\\\/wp-content\\\/uploads\\\/2021\\\/04\\\/co2.png\",\"contentUrl\":\"https:\\\/\\\/projetopurus.com.br\\\/wp-content\\\/uploads\\\/2021\\\/04\\\/co2.png\",\"width\":800,\"height\":600},{\"@type\":\"BreadcrumbList\",\"@id\":\"https:\\\/\\\/projetopurus.com.br\\\/2016\\\/05\\\/19\\\/precos-do-carbono-na-europa-avancam\\\/#breadcrumb\",\"itemListElement\":[{\"@type\":\"ListItem\",\"position\":1,\"name\":\"In\u00edcio\",\"item\":\"https:\\\/\\\/projetopurus.com.br\\\/\"},{\"@type\":\"ListItem\",\"position\":2,\"name\":\"Pre\u00e7os do carbono na Europa avan\u00e7am\"}]},{\"@type\":\"WebSite\",\"@id\":\"https:\\\/\\\/projetopurus.com.br\\\/#website\",\"url\":\"https:\\\/\\\/projetopurus.com.br\\\/\",\"name\":\"Projeto Purus\",\"description\":\"Projeto de Conserva\u00e7\u00e3o de Floresta Tropical no Acre-Brasil\",\"publisher\":{\"@id\":\"https:\\\/\\\/projetopurus.com.br\\\/#organization\"},\"potentialAction\":[{\"@type\":\"SearchAction\",\"target\":{\"@type\":\"EntryPoint\",\"urlTemplate\":\"https:\\\/\\\/projetopurus.com.br\\\/?s={search_term_string}\"},\"query-input\":{\"@type\":\"PropertyValueSpecification\",\"valueRequired\":true,\"valueName\":\"search_term_string\"}}],\"inLanguage\":\"en-US\"},{\"@type\":\"Organization\",\"@id\":\"https:\\\/\\\/projetopurus.com.br\\\/#organization\",\"name\":\"Projeto Purus\",\"url\":\"https:\\\/\\\/projetopurus.com.br\\\/\",\"logo\":{\"@type\":\"ImageObject\",\"inLanguage\":\"en-US\",\"@id\":\"https:\\\/\\\/projetopurus.com.br\\\/#\\\/schema\\\/logo\\\/image\\\/\",\"url\":\"https:\\\/\\\/projetopurus.com.br\\\/wp-content\\\/uploads\\\/2021\\\/02\\\/IMG-20210225-WA0033.jpg\",\"contentUrl\":\"https:\\\/\\\/projetopurus.com.br\\\/wp-content\\\/uploads\\\/2021\\\/02\\\/IMG-20210225-WA0033.jpg\",\"width\":252,\"height\":107,\"caption\":\"Projeto Purus\"},\"image\":{\"@id\":\"https:\\\/\\\/projetopurus.com.br\\\/#\\\/schema\\\/logo\\\/image\\\/\"}},{\"@type\":\"Person\",\"@id\":\"https:\\\/\\\/projetopurus.com.br\\\/#\\\/schema\\\/person\\\/09d3dd8caaa3c1a8e947935bcb04c9e8\",\"name\":\"robisonweb\",\"image\":{\"@type\":\"ImageObject\",\"inLanguage\":\"en-US\",\"@id\":\"https:\\\/\\\/secure.gravatar.com\\\/avatar\\\/ac15fd494def79afc13e3f83756d0c54ca25c8c1914ab2bfdb813e75437f3f57?s=96&d=mm&r=g\",\"url\":\"https:\\\/\\\/secure.gravatar.com\\\/avatar\\\/ac15fd494def79afc13e3f83756d0c54ca25c8c1914ab2bfdb813e75437f3f57?s=96&d=mm&r=g\",\"contentUrl\":\"https:\\\/\\\/secure.gravatar.com\\\/avatar\\\/ac15fd494def79afc13e3f83756d0c54ca25c8c1914ab2bfdb813e75437f3f57?s=96&d=mm&r=g\",\"caption\":\"robisonweb\"},\"sameAs\":[\"https:\\\/\\\/projetopurus.com.br\"],\"url\":\"https:\\\/\\\/projetopurus.com.br\\\/en\\\/author\\\/robisonweb\\\/\"}]}<\/script>\n<!-- \/ Yoast SEO plugin. -->","yoast_head_json":{"title":"Pre\u00e7os do carbono na Europa avan\u00e7am - Projeto Purus","robots":{"index":"index","follow":"follow","max-snippet":"max-snippet:-1","max-image-preview":"max-image-preview:large","max-video-preview":"max-video-preview:-1"},"canonical":"https:\/\/projetopurus.com.br\/en\/2016\/05\/19\/precos-do-carbono-na-europa-avancam\/","og_locale":"en_US","og_type":"article","og_title":"Pre\u00e7os do carbono na Europa avan\u00e7am - Projeto Purus","og_description":"O maior mercado de carbono ao redor do globo, o esquema europeu de com\u00e9rcio de emiss\u00f5es, continua a escalada em compara\u00e7\u00e3o ao seu ponto baixo em julho dentre um panorama econ\u00f4mico gradualmente mais positivo. Mas mesmo com as permiss\u00f5es de emiss\u00e3o (EUAs) se aproximando da marca de \u20ac 16, os pre\u00e7os ainda est\u00e3o bem abaixo &hellip; Pre\u00e7os do carbono na Europa avan\u00e7am Read More &raquo;","og_url":"https:\/\/projetopurus.com.br\/en\/2016\/05\/19\/precos-do-carbono-na-europa-avancam\/","og_site_name":"Projeto Purus","article_published_time":"2016-05-19T13:00:00+00:00","article_modified_time":"2021-07-03T00:29:25+00:00","og_image":[{"width":800,"height":600,"url":"https:\/\/projetopurus.com.br\/wp-content\/uploads\/2021\/04\/co2.png","type":"image\/png"}],"author":"robisonweb","twitter_card":"summary_large_image","twitter_misc":{"Written by":"robisonweb","Est. reading time":"2 minutes"},"schema":{"@context":"https:\/\/schema.org","@graph":[{"@type":"Article","@id":"https:\/\/projetopurus.com.br\/2016\/05\/19\/precos-do-carbono-na-europa-avancam\/#article","isPartOf":{"@id":"https:\/\/projetopurus.com.br\/2016\/05\/19\/precos-do-carbono-na-europa-avancam\/"},"author":{"name":"robisonweb","@id":"https:\/\/projetopurus.com.br\/#\/schema\/person\/09d3dd8caaa3c1a8e947935bcb04c9e8"},"headline":"Pre\u00e7os do carbono na Europa avan\u00e7am","datePublished":"2016-05-19T13:00:00+00:00","dateModified":"2021-07-03T00:29:25+00:00","mainEntityOfPage":{"@id":"https:\/\/projetopurus.com.br\/2016\/05\/19\/precos-do-carbono-na-europa-avancam\/"},"wordCount":433,"commentCount":0,"publisher":{"@id":"https:\/\/projetopurus.com.br\/#organization"},"image":{"@id":"https:\/\/projetopurus.com.br\/2016\/05\/19\/precos-do-carbono-na-europa-avancam\/#primaryimage"},"thumbnailUrl":"https:\/\/projetopurus.com.br\/wp-content\/uploads\/2021\/04\/co2.png","articleSection":["Not\u00edcias"],"inLanguage":"en-US","potentialAction":[{"@type":"CommentAction","name":"Comment","target":["https:\/\/projetopurus.com.br\/2016\/05\/19\/precos-do-carbono-na-europa-avancam\/#respond"]}]},{"@type":"WebPage","@id":"https:\/\/projetopurus.com.br\/2016\/05\/19\/precos-do-carbono-na-europa-avancam\/","url":"https:\/\/projetopurus.com.br\/2016\/05\/19\/precos-do-carbono-na-europa-avancam\/","name":"Pre\u00e7os do carbono na Europa avan\u00e7am - Projeto Purus","isPartOf":{"@id":"https:\/\/projetopurus.com.br\/#website"},"primaryImageOfPage":{"@id":"https:\/\/projetopurus.com.br\/2016\/05\/19\/precos-do-carbono-na-europa-avancam\/#primaryimage"},"image":{"@id":"https:\/\/projetopurus.com.br\/2016\/05\/19\/precos-do-carbono-na-europa-avancam\/#primaryimage"},"thumbnailUrl":"https:\/\/projetopurus.com.br\/wp-content\/uploads\/2021\/04\/co2.png","datePublished":"2016-05-19T13:00:00+00:00","dateModified":"2021-07-03T00:29:25+00:00","breadcrumb":{"@id":"https:\/\/projetopurus.com.br\/2016\/05\/19\/precos-do-carbono-na-europa-avancam\/#breadcrumb"},"inLanguage":"en-US","potentialAction":[{"@type":"ReadAction","target":["https:\/\/projetopurus.com.br\/2016\/05\/19\/precos-do-carbono-na-europa-avancam\/"]}]},{"@type":"ImageObject","inLanguage":"en-US","@id":"https:\/\/projetopurus.com.br\/2016\/05\/19\/precos-do-carbono-na-europa-avancam\/#primaryimage","url":"https:\/\/projetopurus.com.br\/wp-content\/uploads\/2021\/04\/co2.png","contentUrl":"https:\/\/projetopurus.com.br\/wp-content\/uploads\/2021\/04\/co2.png","width":800,"height":600},{"@type":"BreadcrumbList","@id":"https:\/\/projetopurus.com.br\/2016\/05\/19\/precos-do-carbono-na-europa-avancam\/#breadcrumb","itemListElement":[{"@type":"ListItem","position":1,"name":"In\u00edcio","item":"https:\/\/projetopurus.com.br\/"},{"@type":"ListItem","position":2,"name":"Pre\u00e7os do carbono na Europa avan\u00e7am"}]},{"@type":"WebSite","@id":"https:\/\/projetopurus.com.br\/#website","url":"https:\/\/projetopurus.com.br\/","name":"Projeto Purus","description":"Projeto de Conserva\u00e7\u00e3o de Floresta Tropical no Acre-Brasil","publisher":{"@id":"https:\/\/projetopurus.com.br\/#organization"},"potentialAction":[{"@type":"SearchAction","target":{"@type":"EntryPoint","urlTemplate":"https:\/\/projetopurus.com.br\/?s={search_term_string}"},"query-input":{"@type":"PropertyValueSpecification","valueRequired":true,"valueName":"search_term_string"}}],"inLanguage":"en-US"},{"@type":"Organization","@id":"https:\/\/projetopurus.com.br\/#organization","name":"Projeto Purus","url":"https:\/\/projetopurus.com.br\/","logo":{"@type":"ImageObject","inLanguage":"en-US","@id":"https:\/\/projetopurus.com.br\/#\/schema\/logo\/image\/","url":"https:\/\/projetopurus.com.br\/wp-content\/uploads\/2021\/02\/IMG-20210225-WA0033.jpg","contentUrl":"https:\/\/projetopurus.com.br\/wp-content\/uploads\/2021\/02\/IMG-20210225-WA0033.jpg","width":252,"height":107,"caption":"Projeto Purus"},"image":{"@id":"https:\/\/projetopurus.com.br\/#\/schema\/logo\/image\/"}},{"@type":"Person","@id":"https:\/\/projetopurus.com.br\/#\/schema\/person\/09d3dd8caaa3c1a8e947935bcb04c9e8","name":"View all posts by %1$s","image":{"@type":"ImageObject","inLanguage":"en-US","@id":"https:\/\/secure.gravatar.com\/avatar\/ac15fd494def79afc13e3f83756d0c54ca25c8c1914ab2bfdb813e75437f3f57?s=96&d=mm&r=g","url":"https:\/\/secure.gravatar.com\/avatar\/ac15fd494def79afc13e3f83756d0c54ca25c8c1914ab2bfdb813e75437f3f57?s=96&d=mm&r=g","contentUrl":"https:\/\/secure.gravatar.com\/avatar\/ac15fd494def79afc13e3f83756d0c54ca25c8c1914ab2bfdb813e75437f3f57?s=96&d=mm&r=g","caption":"robisonweb"},"sameAs":["https:\/\/projetopurus.com.br"],"url":"https:\/\/projetopurus.com.br\/en\/author\/robisonweb\/"}]}},"_links":{"self":[{"href":"https:\/\/projetopurus.com.br\/en\/wp-json\/wp\/v2\/posts\/52","targetHints":{"allow":["GET"]}}],"collection":[{"href":"https:\/\/projetopurus.com.br\/en\/wp-json\/wp\/v2\/posts"}],"about":[{"href":"https:\/\/projetopurus.com.br\/en\/wp-json\/wp\/v2\/types\/post"}],"author":[{"embeddable":true,"href":"https:\/\/projetopurus.com.br\/en\/wp-json\/wp\/v2\/users\/1"}],"replies":[{"embeddable":true,"href":"https:\/\/projetopurus.com.br\/en\/wp-json\/wp\/v2\/comments?post=52"}],"version-history":[{"count":1,"href":"https:\/\/projetopurus.com.br\/en\/wp-json\/wp\/v2\/posts\/52\/revisions"}],"predecessor-version":[{"id":53,"href":"https:\/\/projetopurus.com.br\/en\/wp-json\/wp\/v2\/posts\/52\/revisions\/53"}],"wp:featuredmedia":[{"embeddable":true,"href":"https:\/\/projetopurus.com.br\/en\/wp-json\/wp\/v2\/media\/30"}],"wp:attachment":[{"href":"https:\/\/projetopurus.com.br\/en\/wp-json\/wp\/v2\/media?parent=52"}],"wp:term":[{"taxonomy":"category","embeddable":true,"href":"https:\/\/projetopurus.com.br\/en\/wp-json\/wp\/v2\/categories?post=52"},{"taxonomy":"post_tag","embeddable":true,"href":"https:\/\/projetopurus.com.br\/en\/wp-json\/wp\/v2\/tags?post=52"}],"curies":[{"name":"wp","href":"https:\/\/api.w.org\/{rel}","templated":true}]}}